{"id":6515,"date":"2015-10-12T06:00:04","date_gmt":"2015-10-12T05:00:04","guid":{"rendered":"https:\/\/efep.es\/?p=6515"},"modified":"2019-07-24T16:39:09","modified_gmt":"2019-07-24T14:39:09","slug":"rallye-maths-sans-frontieres-2","status":"publish","type":"post","link":"https:\/\/french-international-schools.com\/es\/rallye-maths-sans-frontieres-2\/","title":{"rendered":"Rallye Maths Sans Fronti\u00e8res"},"content":{"rendered":"<p style=\"text-align: justify;\">La vingt\u00ad-septi\u00e8me \u00e9dition du <span style=\"text-decoration: underline;\"><strong><a href=\"http:\/\/maths-msf.site2.ac-strasbourg.fr\/MSF_Grands\/Presentation.htm#concours\" target=\"_blank\" rel=\"noopener noreferrer\">Rallye Math\u00e9matiques Sans Fronti\u00e8res<\/a><\/strong><\/span>\u00a0pour les classes de seconde et de troisi\u00e8me est lanc\u00e9e. Toutes les \u00e9coles fran\u00e7aises d&#8217;Espagne et du Portugal peuvent y participer. Le Rallye\u00a0a pour objectif de favoriser le travail d\u2019\u00e9quipe et les initiatives de liaison coll\u00e8ge\u00adlyc\u00e9e \u037e d\u2019ouvrir les math\u00e9matiques aux langues \u00e9trang\u00e8res et de susciter des vocations scientifiques.<\/p>\n<p style=\"text-align: justify;\">En 2014-\u00ad2015, vingt-\u00adhuit classes de la zone ib\u00e9rique (15 classes de troisi\u00e8me et 13 classes de seconde, provenant de 9 \u00e9tablissements d&#8217;Espagne et du Portugal) ont particip\u00e9 \u00e0 cet \u00e9v\u00e9nement dont l\u2019\u00e9preuve consiste \u00e0 r\u00e9soudre 10 ou 13 exercices attrayants en une heure trente. La classe enti\u00e8re s\u2019organise par groupes, comme elle l\u2019entend, pour rendre le maximum d\u2019exercices. Le premier exercice doit \u00eatre r\u00e9dig\u00e9 en anglais, allemand, italien ou espagnol, au choix de la classe, l\u2019\u00e9nonc\u00e9 \u00e9tant lui\u00ad-m\u00eame propos\u00e9 dans ces quatre langues.<\/p>\n<p style=\"text-align: justify;\">Cette ann\u00e9e l\u2019\u00e9preuve officielle est fix\u00e9e au jeudi 25 f\u00e9vrier 2016, les inscriptions sont ouvertes jusqu&#8217;au 18 d\u00e9cembre. A vos agendas !<\/p>\n","protected":false},"excerpt":{"rendered":"<p>La vingt\u00ad-septi\u00e8me \u00e9dition du Rallye Math\u00e9matiques Sans Fronti\u00e8res\u00a0pour les classes de seconde et de troisi\u00e8me est lanc\u00e9e. Toutes les \u00e9coles fran\u00e7aises d&#8217;Espagne et du Portugal peuvent y participer. Le Rallye\u00a0a pour objectif de favoriser le travail d\u2019\u00e9quipe et les initiatives de liaison coll\u00e8ge\u00adlyc\u00e9e \u037e d\u2019ouvrir les math\u00e9matiques aux langues \u00e9trang\u00e8res et de susciter des vocations  [&#8230;]<\/p>\n","protected":false},"author":5,"featured_media":6513,"comment_status":"open","ping_status":"closed","sticky":false,"template":"","format":"standard","meta":{"_monsterinsights_skip_tracking":false,"_monsterinsights_sitenote_active":false,"_monsterinsights_sitenote_note":"","_monsterinsights_sitenote_category":0,"footnotes":""},"categories":[463,563],"tags":[],"class_list":["post-6515","post","type-post","status-publish","format-standard","has-post-thumbnail","hentry","category-todos-los-centros","category-toutes-les-actualites-es"],"yoast_head":"<!-- This site is optimized with the Yoast SEO plugin v27.1.1 - https:\/\/yoast.com\/product\/yoast-seo-wordpress\/ -->\n<title>Rallye Maths Sans Fronti\u00e8res | French International Schools<\/title>\n<meta name=\"robots\" content=\"index, follow, max-snippet:-1, max-image-preview:large, max-video-preview:-1\" \/>\n<link rel=\"canonical\" href=\"https:\/\/french-international-schools.com\/rallye-maths-sans-frontieres\/\" \/>\n<meta property=\"og:locale\" content=\"es_ES\" \/>\n<meta property=\"og:type\" content=\"article\" \/>\n<meta property=\"og:title\" content=\"Rallye Maths Sans Fronti\u00e8res | French International Schools\" \/>\n<meta property=\"og:description\" content=\"La vingt\u00ad-septi\u00e8me \u00e9dition du Rallye Math\u00e9matiques Sans Fronti\u00e8res\u00a0pour les classes de seconde et de troisi\u00e8me est lanc\u00e9e. Toutes les \u00e9coles fran\u00e7aises d&#8217;Espagne et du Portugal peuvent y participer. Le Rallye\u00a0a pour objectif de favoriser le travail d\u2019\u00e9quipe et les initiatives de liaison coll\u00e8ge\u00adlyc\u00e9e \u037e d\u2019ouvrir les math\u00e9matiques aux langues \u00e9trang\u00e8res et de susciter des vocations [...]\" \/>\n<meta property=\"og:url\" content=\"https:\/\/french-international-schools.com\/rallye-maths-sans-frontieres\/\" \/>\n<meta property=\"og:site_name\" content=\"French International Schools\" \/>\n<meta property=\"article:publisher\" content=\"https:\/\/www.facebook.com\/FrenchInternationalSchools\/\" \/>\n<meta property=\"article:published_time\" content=\"2015-10-12T05:00:04+00:00\" \/>\n<meta property=\"article:modified_time\" content=\"2019-07-24T14:39:09+00:00\" \/>\n<meta property=\"og:image\" content=\"https:\/\/french-international-schools.com\/wp-content\/uploads\/2015\/10\/MSF2015-site-Opti.jpg\" \/>\n\t<meta property=\"og:image:width\" content=\"669\" \/>\n\t<meta property=\"og:image:height\" content=\"244\" \/>\n\t<meta property=\"og:image:type\" content=\"image\/jpeg\" \/>\n<meta name=\"author\" content=\"Audrey\" \/>\n<meta name=\"twitter:card\" content=\"summary_large_image\" \/>\n<meta name=\"twitter:label1\" content=\"Escrito por\" \/>\n\t<meta name=\"twitter:data1\" content=\"Audrey\" \/>\n\t<meta name=\"twitter:label2\" content=\"Tiempo de lectura\" \/>\n\t<meta name=\"twitter:data2\" content=\"1 minuto\" \/>\n<script type=\"application\/ld+json\" class=\"yoast-schema-graph\">{\"@context\":\"https:\/\/schema.org\",\"@graph\":[{\"@type\":\"Article\",\"@id\":\"https:\/\/french-international-schools.com\/rallye-maths-sans-frontieres\/#article\",\"isPartOf\":{\"@id\":\"https:\/\/french-international-schools.com\/rallye-maths-sans-frontieres\/\"},\"author\":{\"name\":\"Audrey\",\"@id\":\"https:\/\/french-international-schools.com\/#\/schema\/person\/8ee945e7055ddeba9fe9fa7fc8627054\"},\"headline\":\"Rallye Maths Sans Fronti\u00e8res\",\"datePublished\":\"2015-10-12T05:00:04+00:00\",\"dateModified\":\"2019-07-24T14:39:09+00:00\",\"mainEntityOfPage\":{\"@id\":\"https:\/\/french-international-schools.com\/rallye-maths-sans-frontieres\/\"},\"wordCount\":192,\"commentCount\":0,\"publisher\":{\"@id\":\"https:\/\/french-international-schools.com\/#organization\"},\"image\":{\"@id\":\"https:\/\/french-international-schools.com\/rallye-maths-sans-frontieres\/#primaryimage\"},\"thumbnailUrl\":\"https:\/\/french-international-schools.com\/wp-content\/uploads\/2015\/10\/MSF2015-site-Opti.jpg\",\"articleSection\":[\"Todos los centros\",\"Toutes les actualit\u00e9s\"],\"inLanguage\":\"es\",\"potentialAction\":[{\"@type\":\"CommentAction\",\"name\":\"Comment\",\"target\":[\"https:\/\/french-international-schools.com\/rallye-maths-sans-frontieres\/#respond\"]}]},{\"@type\":\"WebPage\",\"@id\":\"https:\/\/french-international-schools.com\/rallye-maths-sans-frontieres\/\",\"url\":\"https:\/\/french-international-schools.com\/rallye-maths-sans-frontieres\/\",\"name\":\"Rallye Maths Sans Fronti\u00e8res | French International Schools\",\"isPartOf\":{\"@id\":\"https:\/\/french-international-schools.com\/#website\"},\"primaryImageOfPage\":{\"@id\":\"https:\/\/french-international-schools.com\/rallye-maths-sans-frontieres\/#primaryimage\"},\"image\":{\"@id\":\"https:\/\/french-international-schools.com\/rallye-maths-sans-frontieres\/#primaryimage\"},\"thumbnailUrl\":\"https:\/\/french-international-schools.com\/wp-content\/uploads\/2015\/10\/MSF2015-site-Opti.jpg\",\"datePublished\":\"2015-10-12T05:00:04+00:00\",\"dateModified\":\"2019-07-24T14:39:09+00:00\",\"breadcrumb\":{\"@id\":\"https:\/\/french-international-schools.com\/rallye-maths-sans-frontieres\/#breadcrumb\"},\"inLanguage\":\"es\",\"potentialAction\":[{\"@type\":\"ReadAction\",\"target\":[\"https:\/\/french-international-schools.com\/rallye-maths-sans-frontieres\/\"]}]},{\"@type\":\"ImageObject\",\"inLanguage\":\"es\",\"@id\":\"https:\/\/french-international-schools.com\/rallye-maths-sans-frontieres\/#primaryimage\",\"url\":\"https:\/\/french-international-schools.com\/wp-content\/uploads\/2015\/10\/MSF2015-site-Opti.jpg\",\"contentUrl\":\"https:\/\/french-international-schools.com\/wp-content\/uploads\/2015\/10\/MSF2015-site-Opti.jpg\",\"width\":669,\"height\":244},{\"@type\":\"BreadcrumbList\",\"@id\":\"https:\/\/french-international-schools.com\/rallye-maths-sans-frontieres\/#breadcrumb\",\"itemListElement\":[{\"@type\":\"ListItem\",\"position\":1,\"name\":\"Accueil\",\"item\":\"https:\/\/french-international-schools.com\/es\/\"},{\"@type\":\"ListItem\",\"position\":2,\"name\":\"Rallye Maths Sans Fronti\u00e8res\"}]},{\"@type\":\"WebSite\",\"@id\":\"https:\/\/french-international-schools.com\/#website\",\"url\":\"https:\/\/french-international-schools.com\/\",\"name\":\"French International Schools\",\"description\":\"\",\"publisher\":{\"@id\":\"https:\/\/french-international-schools.com\/#organization\"},\"potentialAction\":[{\"@type\":\"SearchAction\",\"target\":{\"@type\":\"EntryPoint\",\"urlTemplate\":\"https:\/\/french-international-schools.com\/?s={search_term_string}\"},\"query-input\":{\"@type\":\"PropertyValueSpecification\",\"valueRequired\":true,\"valueName\":\"search_term_string\"}}],\"inLanguage\":\"es\"},{\"@type\":\"Organization\",\"@id\":\"https:\/\/french-international-schools.com\/#organization\",\"name\":\"R\u00e9seau d'enseignement plurilingue fran\u00e7ais\",\"alternateName\":\"French International Schoolls\",\"url\":\"https:\/\/french-international-schools.com\/\",\"logo\":{\"@type\":\"ImageObject\",\"inLanguage\":\"es\",\"@id\":\"https:\/\/french-international-schools.com\/#\/schema\/logo\/image\/\",\"url\":\"https:\/\/french-international-schools.com\/wp-content\/uploads\/2024\/03\/Favicon.png\",\"contentUrl\":\"https:\/\/french-international-schools.com\/wp-content\/uploads\/2024\/03\/Favicon.png\",\"width\":84,\"height\":82,\"caption\":\"R\u00e9seau d'enseignement plurilingue fran\u00e7ais\"},\"image\":{\"@id\":\"https:\/\/french-international-schools.com\/#\/schema\/logo\/image\/\"},\"sameAs\":[\"https:\/\/www.facebook.com\/FrenchInternationalSchools\/\",\"https:\/\/www.instagram.com\/french_international_schools\",\"https:\/\/www.linkedin.com\/company\/french-international-schools\/posts\/?feedView=all\"]},{\"@type\":\"Person\",\"@id\":\"https:\/\/french-international-schools.com\/#\/schema\/person\/8ee945e7055ddeba9fe9fa7fc8627054\",\"name\":\"Audrey\",\"url\":\"https:\/\/french-international-schools.com\/es\/author\/audrey2\/\"}]}<\/script>\n<!-- \/ Yoast SEO plugin. -->","yoast_head_json":{"title":"Rallye Maths Sans Fronti\u00e8res | French International Schools","robots":{"index":"index","follow":"follow","max-snippet":"max-snippet:-1","max-image-preview":"max-image-preview:large","max-video-preview":"max-video-preview:-1"},"canonical":"https:\/\/french-international-schools.com\/rallye-maths-sans-frontieres\/","og_locale":"es_ES","og_type":"article","og_title":"Rallye Maths Sans Fronti\u00e8res | French International Schools","og_description":"La vingt\u00ad-septi\u00e8me \u00e9dition du Rallye Math\u00e9matiques Sans Fronti\u00e8res\u00a0pour les classes de seconde et de troisi\u00e8me est lanc\u00e9e. Toutes les \u00e9coles fran\u00e7aises d&#8217;Espagne et du Portugal peuvent y participer. Le Rallye\u00a0a pour objectif de favoriser le travail d\u2019\u00e9quipe et les initiatives de liaison coll\u00e8ge\u00adlyc\u00e9e \u037e d\u2019ouvrir les math\u00e9matiques aux langues \u00e9trang\u00e8res et de susciter des vocations [...]","og_url":"https:\/\/french-international-schools.com\/rallye-maths-sans-frontieres\/","og_site_name":"French International Schools","article_publisher":"https:\/\/www.facebook.com\/FrenchInternationalSchools\/","article_published_time":"2015-10-12T05:00:04+00:00","article_modified_time":"2019-07-24T14:39:09+00:00","og_image":[{"width":669,"height":244,"url":"https:\/\/french-international-schools.com\/wp-content\/uploads\/2015\/10\/MSF2015-site-Opti.jpg","type":"image\/jpeg"}],"author":"Audrey","twitter_card":"summary_large_image","twitter_misc":{"Escrito por":"Audrey","Tiempo de lectura":"1 minuto"},"schema":{"@context":"https:\/\/schema.org","@graph":[{"@type":"Article","@id":"https:\/\/french-international-schools.com\/rallye-maths-sans-frontieres\/#article","isPartOf":{"@id":"https:\/\/french-international-schools.com\/rallye-maths-sans-frontieres\/"},"author":{"name":"Audrey","@id":"https:\/\/french-international-schools.com\/#\/schema\/person\/8ee945e7055ddeba9fe9fa7fc8627054"},"headline":"Rallye Maths Sans Fronti\u00e8res","datePublished":"2015-10-12T05:00:04+00:00","dateModified":"2019-07-24T14:39:09+00:00","mainEntityOfPage":{"@id":"https:\/\/french-international-schools.com\/rallye-maths-sans-frontieres\/"},"wordCount":192,"commentCount":0,"publisher":{"@id":"https:\/\/french-international-schools.com\/#organization"},"image":{"@id":"https:\/\/french-international-schools.com\/rallye-maths-sans-frontieres\/#primaryimage"},"thumbnailUrl":"https:\/\/french-international-schools.com\/wp-content\/uploads\/2015\/10\/MSF2015-site-Opti.jpg","articleSection":["Todos los centros","Toutes les actualit\u00e9s"],"inLanguage":"es","potentialAction":[{"@type":"CommentAction","name":"Comment","target":["https:\/\/french-international-schools.com\/rallye-maths-sans-frontieres\/#respond"]}]},{"@type":"WebPage","@id":"https:\/\/french-international-schools.com\/rallye-maths-sans-frontieres\/","url":"https:\/\/french-international-schools.com\/rallye-maths-sans-frontieres\/","name":"Rallye Maths Sans Fronti\u00e8res | French International Schools","isPartOf":{"@id":"https:\/\/french-international-schools.com\/#website"},"primaryImageOfPage":{"@id":"https:\/\/french-international-schools.com\/rallye-maths-sans-frontieres\/#primaryimage"},"image":{"@id":"https:\/\/french-international-schools.com\/rallye-maths-sans-frontieres\/#primaryimage"},"thumbnailUrl":"https:\/\/french-international-schools.com\/wp-content\/uploads\/2015\/10\/MSF2015-site-Opti.jpg","datePublished":"2015-10-12T05:00:04+00:00","dateModified":"2019-07-24T14:39:09+00:00","breadcrumb":{"@id":"https:\/\/french-international-schools.com\/rallye-maths-sans-frontieres\/#breadcrumb"},"inLanguage":"es","potentialAction":[{"@type":"ReadAction","target":["https:\/\/french-international-schools.com\/rallye-maths-sans-frontieres\/"]}]},{"@type":"ImageObject","inLanguage":"es","@id":"https:\/\/french-international-schools.com\/rallye-maths-sans-frontieres\/#primaryimage","url":"https:\/\/french-international-schools.com\/wp-content\/uploads\/2015\/10\/MSF2015-site-Opti.jpg","contentUrl":"https:\/\/french-international-schools.com\/wp-content\/uploads\/2015\/10\/MSF2015-site-Opti.jpg","width":669,"height":244},{"@type":"BreadcrumbList","@id":"https:\/\/french-international-schools.com\/rallye-maths-sans-frontieres\/#breadcrumb","itemListElement":[{"@type":"ListItem","position":1,"name":"Accueil","item":"https:\/\/french-international-schools.com\/es\/"},{"@type":"ListItem","position":2,"name":"Rallye Maths Sans Fronti\u00e8res"}]},{"@type":"WebSite","@id":"https:\/\/french-international-schools.com\/#website","url":"https:\/\/french-international-schools.com\/","name":"French International Schools","description":"","publisher":{"@id":"https:\/\/french-international-schools.com\/#organization"},"potentialAction":[{"@type":"SearchAction","target":{"@type":"EntryPoint","urlTemplate":"https:\/\/french-international-schools.com\/?s={search_term_string}"},"query-input":{"@type":"PropertyValueSpecification","valueRequired":true,"valueName":"search_term_string"}}],"inLanguage":"es"},{"@type":"Organization","@id":"https:\/\/french-international-schools.com\/#organization","name":"R\u00e9seau d'enseignement plurilingue fran\u00e7ais","alternateName":"French International Schoolls","url":"https:\/\/french-international-schools.com\/","logo":{"@type":"ImageObject","inLanguage":"es","@id":"https:\/\/french-international-schools.com\/#\/schema\/logo\/image\/","url":"https:\/\/french-international-schools.com\/wp-content\/uploads\/2024\/03\/Favicon.png","contentUrl":"https:\/\/french-international-schools.com\/wp-content\/uploads\/2024\/03\/Favicon.png","width":84,"height":82,"caption":"R\u00e9seau d'enseignement plurilingue fran\u00e7ais"},"image":{"@id":"https:\/\/french-international-schools.com\/#\/schema\/logo\/image\/"},"sameAs":["https:\/\/www.facebook.com\/FrenchInternationalSchools\/","https:\/\/www.instagram.com\/french_international_schools","https:\/\/www.linkedin.com\/company\/french-international-schools\/posts\/?feedView=all"]},{"@type":"Person","@id":"https:\/\/french-international-schools.com\/#\/schema\/person\/8ee945e7055ddeba9fe9fa7fc8627054","name":"Audrey","url":"https:\/\/french-international-schools.com\/es\/author\/audrey2\/"}]}},"_links":{"self":[{"href":"https:\/\/french-international-schools.com\/es\/wp-json\/wp\/v2\/posts\/6515","targetHints":{"allow":["GET"]}}],"collection":[{"href":"https:\/\/french-international-schools.com\/es\/wp-json\/wp\/v2\/posts"}],"about":[{"href":"https:\/\/french-international-schools.com\/es\/wp-json\/wp\/v2\/types\/post"}],"author":[{"embeddable":true,"href":"https:\/\/french-international-schools.com\/es\/wp-json\/wp\/v2\/users\/5"}],"replies":[{"embeddable":true,"href":"https:\/\/french-international-schools.com\/es\/wp-json\/wp\/v2\/comments?post=6515"}],"version-history":[{"count":0,"href":"https:\/\/french-international-schools.com\/es\/wp-json\/wp\/v2\/posts\/6515\/revisions"}],"wp:featuredmedia":[{"embeddable":true,"href":"https:\/\/french-international-schools.com\/es\/wp-json\/wp\/v2\/media\/6513"}],"wp:attachment":[{"href":"https:\/\/french-international-schools.com\/es\/wp-json\/wp\/v2\/media?parent=6515"}],"wp:term":[{"taxonomy":"category","embeddable":true,"href":"https:\/\/french-international-schools.com\/es\/wp-json\/wp\/v2\/categories?post=6515"},{"taxonomy":"post_tag","embeddable":true,"href":"https:\/\/french-international-schools.com\/es\/wp-json\/wp\/v2\/tags?post=6515"}],"curies":[{"name":"wp","href":"https:\/\/api.w.org\/{rel}","templated":true}]}}