{"id":8430,"date":"2016-09-22T05:00:34","date_gmt":"2016-09-22T03:00:34","guid":{"rendered":"https:\/\/efep.es\/?p=8430"},"modified":"2019-07-24T16:38:19","modified_gmt":"2019-07-24T14:38:19","slug":"nouveau-cursus-nouveaux-espaces-2","status":"publish","type":"post","link":"https:\/\/french-international-schools.com\/es\/nouveau-cursus-nouveaux-espaces-2\/","title":{"rendered":"Nouveau cursus, nouveaux espaces"},"content":{"rendered":"<p style=\"text-align: justify;\"><a href=\"https:\/\/french-international-schools.com\/wp-content\/uploads\/2016\/09\/2016-photo-entree-lycee-Opti.jpg\"><img decoding=\"async\" class=\"alignleft  wp-image-8422\" src=\"https:\/\/french-international-schools.com\/wp-content\/uploads\/2016\/09\/2016-photo-entree-lycee-Opti-300x168.jpg\" alt=\"2016-photo-entree-lycee-opti\" width=\"144\" height=\"81\" srcset=\"https:\/\/french-international-schools.com\/wp-content\/uploads\/2016\/09\/2016-photo-entree-lycee-Opti-300x168.jpg 300w, https:\/\/french-international-schools.com\/wp-content\/uploads\/2016\/09\/2016-photo-entree-lycee-Opti.jpg 960w\" sizes=\"(max-width: 144px) 100vw, 144px\" \/><\/a>Les vacances estivales\u00a0offrent l&#8217;occasion aux<strong> <a href=\"https:\/\/french-international-schools.com\/qui-sommes-nous\/ecoles-en-espagne-portugal\/\" target=\"_blank\" rel=\"noopener noreferrer\">\u00e9tablissements fran\u00e7ais de la zone ib\u00e9rique<\/a><\/strong> de faire peau neuve avant la rentr\u00e9e des \u00e9l\u00e8ves. La plupart des constructions ou des\u00a0r\u00e9novations\u00a0ont lieu pendant cette p\u00e9riode et de nombreux lyc\u00e9es ont proc\u00e9d\u00e9 cet \u00e9t\u00e9 \u00e0 divers travaux :<\/p>\n<p style=\"text-align: justify;\"><a href=\"https:\/\/french-international-schools.com\/wp-content\/uploads\/2016\/09\/2016-photo-escalier.jpg\"><img decoding=\"async\" class=\"alignright  wp-image-8423\" src=\"https:\/\/french-international-schools.com\/wp-content\/uploads\/2016\/09\/2016-photo-escalier-300x225.jpg\" alt=\"2016-photo-escalier\" width=\"115\" height=\"87\" srcset=\"https:\/\/french-international-schools.com\/wp-content\/uploads\/2016\/09\/2016-photo-escalier-180x138.jpg 180w, https:\/\/french-international-schools.com\/wp-content\/uploads\/2016\/09\/2016-photo-escalier-300x225.jpg 300w, https:\/\/french-international-schools.com\/wp-content\/uploads\/2016\/09\/2016-photo-escalier.jpg 960w\" sizes=\"(max-width: 115px) 100vw, 115px\" \/><\/a>Le <strong><a href=\"http:\/\/lfcl-lisbonne.eu\/\" target=\"_blank\" rel=\"noopener noreferrer\">LF\u00a0Lisbonne<\/a><\/strong> a r\u00e9am\u00e9nag\u00e9 sa cour, le <strong><a href=\"http:\/\/www.lfsevilla.com\/\" target=\"_blank\" rel=\"noopener noreferrer\">LF S\u00e9ville<\/a><\/strong> a d\u00e9m\u00e9nag\u00e9 dans de nouveaux locaux,\u00a0le <strong><a href=\"http:\/\/www.lftenerife.org\/\" target=\"_blank\" rel=\"noopener noreferrer\">LF Tenerife<\/a><\/strong> a renouvel\u00e9 ses vestiaires sportifs, le <strong><a href=\"http:\/\/lyceefrancaisbilbao.com\/\" target=\"_blank\" rel=\"noopener noreferrer\">LF Bilbao<\/a><\/strong> a inaugur\u00e9 une nouvelle maternelle, le <strong><a href=\"http:\/\/www.lfmalaga.com\/es\/\" target=\"_blank\" rel=\"noopener noreferrer\">LF Malaga<\/a><\/strong> a r\u00e9form\u00e9\u00a0ses espaces ext\u00e9rieurs,\u00a0le <strong><a href=\"https:\/\/www.lfval.net\/es\/\" target=\"_blank\" rel=\"noopener noreferrer\">LF Valence<\/a><\/strong> est en train d&#8217;\u00e9difier un nouveau gymnase, le <strong><a href=\"http:\/\/www.lyceemolieresaragosse.org\/\" target=\"_blank\" rel=\"noopener noreferrer\">LF Saragosse<\/a><\/strong> a agrandi son lyc\u00e9e, le <strong><a href=\"http:\/\/lyceemlfpalma.org\/\" target=\"_blank\" rel=\"noopener noreferrer\">LF Palma de Majorque<\/a><\/strong> a investi de nouveaux lieux, le <strong><a href=\"http:\/\/www.lycee-francais-barcelone.com\/\" target=\"_blank\" rel=\"noopener noreferrer\">LF Barcelone<\/a>\u00a0<\/strong>et le\u00a0<strong><a href=\"http:\/\/www.lfgrancanaria.com\/index.php\/es\/\" target=\"_blank\" rel=\"noopener noreferrer\">LF Telde de Gran Canaria <\/a><\/strong>construisent une nouvelle maternelle, le <strong><a href=\"http:\/\/www.cfreus.net\/\" target=\"_blank\" rel=\"noopener noreferrer\">CF Reus<\/a><\/strong>\u00a0a r\u00e9organis\u00e9 sa cantine, etc.<\/p>\n<p style=\"text-align: justify;\"><a href=\"https:\/\/french-international-schools.com\/wp-content\/uploads\/2016\/09\/2016-photo-terrain-sport.jpg\"><img decoding=\"async\" class=\"alignleft  wp-image-8425\" src=\"https:\/\/french-international-schools.com\/wp-content\/uploads\/2016\/09\/2016-photo-terrain-sport-300x225.jpg\" alt=\"2016-photo-terrain-sport\" width=\"109\" height=\"82\" srcset=\"https:\/\/french-international-schools.com\/wp-content\/uploads\/2016\/09\/2016-photo-terrain-sport-300x225.jpg 300w, https:\/\/french-international-schools.com\/wp-content\/uploads\/2016\/09\/2016-photo-terrain-sport.jpg 960w\" sizes=\"(max-width: 109px) 100vw, 109px\" \/><\/a>Les installations sont pens\u00e9es pour offrir le maximum de\u00a0confort et de s\u00e9curit\u00e9, tant aux \u00e9l\u00e8ves qu&#8217;aux personnels de l&#8217;\u00e9tablissement.\u00a0Tout est mis en oeuvre pour que l&#8217;environnement de travail soit mis au service de la p\u00e9dagogie, afin de se concentrer sur l&#8217;essentiel: le bien-\u00eatre et la r\u00e9ussite des \u00e9l\u00e8ves<\/p>\n<div class=\"text_exposed_show\">\u00a0<\/div>\n","protected":false},"excerpt":{"rendered":"<p>Les vacances estivales\u00a0offrent l&#8217;occasion aux \u00e9tablissements fran\u00e7ais de la zone ib\u00e9rique de faire peau neuve avant la rentr\u00e9e des \u00e9l\u00e8ves. La plupart des constructions ou des\u00a0r\u00e9novations\u00a0ont lieu pendant cette p\u00e9riode et de nombreux lyc\u00e9es ont proc\u00e9d\u00e9 cet \u00e9t\u00e9 \u00e0 divers travaux : Le LF\u00a0Lisbonne a r\u00e9am\u00e9nag\u00e9 sa cour, le LF S\u00e9ville a d\u00e9m\u00e9nag\u00e9 dans de  [&#8230;]<\/p>\n","protected":false},"author":5,"featured_media":8428,"comment_status":"open","ping_status":"closed","sticky":false,"template":"","format":"standard","meta":{"_monsterinsights_skip_tracking":false,"_monsterinsights_sitenote_active":false,"_monsterinsights_sitenote_note":"","_monsterinsights_sitenote_category":0,"footnotes":""},"categories":[515,485,548,491,536,545,551,542,557,503,463,563,523,468],"tags":[],"class_list":["post-8430","post","type-post","status-publish","format-standard","has-post-thumbnail","hentry","category-lycee-barcelone-es","category-bilbao-es","category-rene-vernau-gran-canaria-es","category-charles-lepierre-es","category-malaga-es","category-palma-de-majorque-es","category-reus-es","category-moliere-de-saragosse-es","category-seville-es","category-jules-verne-es","category-todos-los-centros","category-toutes-les-actualites-es","category-lycee-francais-de-valence-es","category-zoom-sobre"],"yoast_head":"<!-- This site is optimized with the Yoast SEO plugin v27.4 - https:\/\/yoast.com\/product\/yoast-seo-wordpress\/ -->\n<title>Nouveau cursus, nouveaux espaces | French International Schools<\/title>\n<meta name=\"robots\" content=\"index, follow, max-snippet:-1, max-image-preview:large, max-video-preview:-1\" \/>\n<link rel=\"canonical\" href=\"https:\/\/french-international-schools.com\/es\/nouveau-cursus-nouveaux-espaces-2\/\" \/>\n<meta property=\"og:locale\" content=\"es_ES\" \/>\n<meta property=\"og:type\" content=\"article\" \/>\n<meta property=\"og:title\" content=\"Nouveau cursus, nouveaux espaces | French International Schools\" \/>\n<meta property=\"og:description\" content=\"Les vacances estivales\u00a0offrent l&#8217;occasion aux \u00e9tablissements fran\u00e7ais de la zone ib\u00e9rique de faire peau neuve avant la rentr\u00e9e des \u00e9l\u00e8ves. La plupart des constructions ou des\u00a0r\u00e9novations\u00a0ont lieu pendant cette p\u00e9riode et de nombreux lyc\u00e9es ont proc\u00e9d\u00e9 cet \u00e9t\u00e9 \u00e0 divers travaux : Le LF\u00a0Lisbonne a r\u00e9am\u00e9nag\u00e9 sa cour, le LF S\u00e9ville a d\u00e9m\u00e9nag\u00e9 dans de [...]\" \/>\n<meta property=\"og:url\" content=\"https:\/\/french-international-schools.com\/es\/nouveau-cursus-nouveaux-espaces-2\/\" \/>\n<meta property=\"og:site_name\" content=\"French International Schools\" \/>\n<meta property=\"article:publisher\" content=\"https:\/\/www.facebook.com\/FrenchInternationalSchools\/\" \/>\n<meta property=\"article:published_time\" content=\"2016-09-22T03:00:34+00:00\" \/>\n<meta property=\"article:modified_time\" content=\"2019-07-24T14:38:19+00:00\" \/>\n<meta property=\"og:image\" content=\"https:\/\/french-international-schools.com\/wp-content\/uploads\/2016\/09\/2016-photo-lycee-GC-Opti-site.jpg\" \/>\n\t<meta property=\"og:image:width\" content=\"669\" \/>\n\t<meta property=\"og:image:height\" content=\"248\" \/>\n\t<meta property=\"og:image:type\" content=\"image\/jpeg\" \/>\n<meta name=\"author\" content=\"Audrey\" \/>\n<meta name=\"twitter:card\" content=\"summary_large_image\" \/>\n<meta name=\"twitter:label1\" content=\"Escrito por\" \/>\n\t<meta name=\"twitter:data1\" content=\"Audrey\" \/>\n\t<meta name=\"twitter:label2\" content=\"Tiempo de lectura\" \/>\n\t<meta name=\"twitter:data2\" content=\"1 minuto\" \/>\n<script type=\"application\/ld+json\" class=\"yoast-schema-graph\">{\"@context\":\"https:\\\/\\\/schema.org\",\"@graph\":[{\"@type\":\"Article\",\"@id\":\"https:\\\/\\\/french-international-schools.com\\\/es\\\/nouveau-cursus-nouveaux-espaces-2\\\/#article\",\"isPartOf\":{\"@id\":\"https:\\\/\\\/french-international-schools.com\\\/es\\\/nouveau-cursus-nouveaux-espaces-2\\\/\"},\"author\":{\"name\":\"Audrey\",\"@id\":\"https:\\\/\\\/french-international-schools.com\\\/#\\\/schema\\\/person\\\/8ee945e7055ddeba9fe9fa7fc8627054\"},\"headline\":\"Nouveau cursus, nouveaux espaces\",\"datePublished\":\"2016-09-22T03:00:34+00:00\",\"dateModified\":\"2019-07-24T14:38:19+00:00\",\"mainEntityOfPage\":{\"@id\":\"https:\\\/\\\/french-international-schools.com\\\/es\\\/nouveau-cursus-nouveaux-espaces-2\\\/\"},\"wordCount\":216,\"commentCount\":0,\"publisher\":{\"@id\":\"https:\\\/\\\/french-international-schools.com\\\/#organization\"},\"image\":{\"@id\":\"https:\\\/\\\/french-international-schools.com\\\/es\\\/nouveau-cursus-nouveaux-espaces-2\\\/#primaryimage\"},\"thumbnailUrl\":\"https:\\\/\\\/french-international-schools.com\\\/wp-content\\\/uploads\\\/2016\\\/09\\\/2016-photo-lycee-GC-Opti-site.jpg\",\"articleSection\":[\"Barcelone\",\"Bilbao\",\"Las Palmas\",\"Lisbonne\",\"Malaga\",\"Palma\",\"Reus\",\"Saragosse\",\"S\u00e9ville\",\"Tenerife\",\"Todos los centros\",\"Toutes les actualit\u00e9s\",\"Valence\",\"Zoom sobre...\"],\"inLanguage\":\"es\",\"potentialAction\":[{\"@type\":\"CommentAction\",\"name\":\"Comment\",\"target\":[\"https:\\\/\\\/french-international-schools.com\\\/es\\\/nouveau-cursus-nouveaux-espaces-2\\\/#respond\"]}]},{\"@type\":\"WebPage\",\"@id\":\"https:\\\/\\\/french-international-schools.com\\\/es\\\/nouveau-cursus-nouveaux-espaces-2\\\/\",\"url\":\"https:\\\/\\\/french-international-schools.com\\\/es\\\/nouveau-cursus-nouveaux-espaces-2\\\/\",\"name\":\"Nouveau cursus, nouveaux espaces | French International Schools\",\"isPartOf\":{\"@id\":\"https:\\\/\\\/french-international-schools.com\\\/#website\"},\"primaryImageOfPage\":{\"@id\":\"https:\\\/\\\/french-international-schools.com\\\/es\\\/nouveau-cursus-nouveaux-espaces-2\\\/#primaryimage\"},\"image\":{\"@id\":\"https:\\\/\\\/french-international-schools.com\\\/es\\\/nouveau-cursus-nouveaux-espaces-2\\\/#primaryimage\"},\"thumbnailUrl\":\"https:\\\/\\\/french-international-schools.com\\\/wp-content\\\/uploads\\\/2016\\\/09\\\/2016-photo-lycee-GC-Opti-site.jpg\",\"datePublished\":\"2016-09-22T03:00:34+00:00\",\"dateModified\":\"2019-07-24T14:38:19+00:00\",\"breadcrumb\":{\"@id\":\"https:\\\/\\\/french-international-schools.com\\\/es\\\/nouveau-cursus-nouveaux-espaces-2\\\/#breadcrumb\"},\"inLanguage\":\"es\",\"potentialAction\":[{\"@type\":\"ReadAction\",\"target\":[\"https:\\\/\\\/french-international-schools.com\\\/es\\\/nouveau-cursus-nouveaux-espaces-2\\\/\"]}]},{\"@type\":\"ImageObject\",\"inLanguage\":\"es\",\"@id\":\"https:\\\/\\\/french-international-schools.com\\\/es\\\/nouveau-cursus-nouveaux-espaces-2\\\/#primaryimage\",\"url\":\"https:\\\/\\\/french-international-schools.com\\\/wp-content\\\/uploads\\\/2016\\\/09\\\/2016-photo-lycee-GC-Opti-site.jpg\",\"contentUrl\":\"https:\\\/\\\/french-international-schools.com\\\/wp-content\\\/uploads\\\/2016\\\/09\\\/2016-photo-lycee-GC-Opti-site.jpg\",\"width\":669,\"height\":248},{\"@type\":\"BreadcrumbList\",\"@id\":\"https:\\\/\\\/french-international-schools.com\\\/es\\\/nouveau-cursus-nouveaux-espaces-2\\\/#breadcrumb\",\"itemListElement\":[{\"@type\":\"ListItem\",\"position\":1,\"name\":\"Accueil\",\"item\":\"https:\\\/\\\/french-international-schools.com\\\/es\\\/\"},{\"@type\":\"ListItem\",\"position\":2,\"name\":\"Nouveau cursus, nouveaux espaces\"}]},{\"@type\":\"WebSite\",\"@id\":\"https:\\\/\\\/french-international-schools.com\\\/#website\",\"url\":\"https:\\\/\\\/french-international-schools.com\\\/\",\"name\":\"French International Schools\",\"description\":\"\",\"publisher\":{\"@id\":\"https:\\\/\\\/french-international-schools.com\\\/#organization\"},\"potentialAction\":[{\"@type\":\"SearchAction\",\"target\":{\"@type\":\"EntryPoint\",\"urlTemplate\":\"https:\\\/\\\/french-international-schools.com\\\/?s={search_term_string}\"},\"query-input\":{\"@type\":\"PropertyValueSpecification\",\"valueRequired\":true,\"valueName\":\"search_term_string\"}}],\"inLanguage\":\"es\"},{\"@type\":\"Organization\",\"@id\":\"https:\\\/\\\/french-international-schools.com\\\/#organization\",\"name\":\"R\u00e9seau d'enseignement plurilingue fran\u00e7ais\",\"alternateName\":\"French International Schoolls\",\"url\":\"https:\\\/\\\/french-international-schools.com\\\/\",\"logo\":{\"@type\":\"ImageObject\",\"inLanguage\":\"es\",\"@id\":\"https:\\\/\\\/french-international-schools.com\\\/#\\\/schema\\\/logo\\\/image\\\/\",\"url\":\"https:\\\/\\\/french-international-schools.com\\\/wp-content\\\/uploads\\\/2024\\\/03\\\/Favicon.png\",\"contentUrl\":\"https:\\\/\\\/french-international-schools.com\\\/wp-content\\\/uploads\\\/2024\\\/03\\\/Favicon.png\",\"width\":84,\"height\":82,\"caption\":\"R\u00e9seau d'enseignement plurilingue fran\u00e7ais\"},\"image\":{\"@id\":\"https:\\\/\\\/french-international-schools.com\\\/#\\\/schema\\\/logo\\\/image\\\/\"},\"sameAs\":[\"https:\\\/\\\/www.facebook.com\\\/FrenchInternationalSchools\\\/\",\"https:\\\/\\\/www.instagram.com\\\/french_international_schools\",\"https:\\\/\\\/www.linkedin.com\\\/company\\\/french-international-schools\\\/posts\\\/?feedView=all\"]},{\"@type\":\"Person\",\"@id\":\"https:\\\/\\\/french-international-schools.com\\\/#\\\/schema\\\/person\\\/8ee945e7055ddeba9fe9fa7fc8627054\",\"name\":\"Audrey\",\"url\":\"https:\\\/\\\/french-international-schools.com\\\/es\\\/author\\\/audrey2\\\/\"}]}<\/script>\n<!-- \/ Yoast SEO plugin. -->","yoast_head_json":{"title":"Nouveau cursus, nouveaux espaces | French International Schools","robots":{"index":"index","follow":"follow","max-snippet":"max-snippet:-1","max-image-preview":"max-image-preview:large","max-video-preview":"max-video-preview:-1"},"canonical":"https:\/\/french-international-schools.com\/es\/nouveau-cursus-nouveaux-espaces-2\/","og_locale":"es_ES","og_type":"article","og_title":"Nouveau cursus, nouveaux espaces | French International Schools","og_description":"Les vacances estivales\u00a0offrent l&#8217;occasion aux \u00e9tablissements fran\u00e7ais de la zone ib\u00e9rique de faire peau neuve avant la rentr\u00e9e des \u00e9l\u00e8ves. La plupart des constructions ou des\u00a0r\u00e9novations\u00a0ont lieu pendant cette p\u00e9riode et de nombreux lyc\u00e9es ont proc\u00e9d\u00e9 cet \u00e9t\u00e9 \u00e0 divers travaux : Le LF\u00a0Lisbonne a r\u00e9am\u00e9nag\u00e9 sa cour, le LF S\u00e9ville a d\u00e9m\u00e9nag\u00e9 dans de [...]","og_url":"https:\/\/french-international-schools.com\/es\/nouveau-cursus-nouveaux-espaces-2\/","og_site_name":"French International Schools","article_publisher":"https:\/\/www.facebook.com\/FrenchInternationalSchools\/","article_published_time":"2016-09-22T03:00:34+00:00","article_modified_time":"2019-07-24T14:38:19+00:00","og_image":[{"width":669,"height":248,"url":"https:\/\/french-international-schools.com\/wp-content\/uploads\/2016\/09\/2016-photo-lycee-GC-Opti-site.jpg","type":"image\/jpeg"}],"author":"Audrey","twitter_card":"summary_large_image","twitter_misc":{"Escrito por":"Audrey","Tiempo de lectura":"1 minuto"},"schema":{"@context":"https:\/\/schema.org","@graph":[{"@type":"Article","@id":"https:\/\/french-international-schools.com\/es\/nouveau-cursus-nouveaux-espaces-2\/#article","isPartOf":{"@id":"https:\/\/french-international-schools.com\/es\/nouveau-cursus-nouveaux-espaces-2\/"},"author":{"name":"Audrey","@id":"https:\/\/french-international-schools.com\/#\/schema\/person\/8ee945e7055ddeba9fe9fa7fc8627054"},"headline":"Nouveau cursus, nouveaux espaces","datePublished":"2016-09-22T03:00:34+00:00","dateModified":"2019-07-24T14:38:19+00:00","mainEntityOfPage":{"@id":"https:\/\/french-international-schools.com\/es\/nouveau-cursus-nouveaux-espaces-2\/"},"wordCount":216,"commentCount":0,"publisher":{"@id":"https:\/\/french-international-schools.com\/#organization"},"image":{"@id":"https:\/\/french-international-schools.com\/es\/nouveau-cursus-nouveaux-espaces-2\/#primaryimage"},"thumbnailUrl":"https:\/\/french-international-schools.com\/wp-content\/uploads\/2016\/09\/2016-photo-lycee-GC-Opti-site.jpg","articleSection":["Barcelone","Bilbao","Las Palmas","Lisbonne","Malaga","Palma","Reus","Saragosse","S\u00e9ville","Tenerife","Todos los centros","Toutes les actualit\u00e9s","Valence","Zoom sobre..."],"inLanguage":"es","potentialAction":[{"@type":"CommentAction","name":"Comment","target":["https:\/\/french-international-schools.com\/es\/nouveau-cursus-nouveaux-espaces-2\/#respond"]}]},{"@type":"WebPage","@id":"https:\/\/french-international-schools.com\/es\/nouveau-cursus-nouveaux-espaces-2\/","url":"https:\/\/french-international-schools.com\/es\/nouveau-cursus-nouveaux-espaces-2\/","name":"Nouveau cursus, nouveaux espaces | French International Schools","isPartOf":{"@id":"https:\/\/french-international-schools.com\/#website"},"primaryImageOfPage":{"@id":"https:\/\/french-international-schools.com\/es\/nouveau-cursus-nouveaux-espaces-2\/#primaryimage"},"image":{"@id":"https:\/\/french-international-schools.com\/es\/nouveau-cursus-nouveaux-espaces-2\/#primaryimage"},"thumbnailUrl":"https:\/\/french-international-schools.com\/wp-content\/uploads\/2016\/09\/2016-photo-lycee-GC-Opti-site.jpg","datePublished":"2016-09-22T03:00:34+00:00","dateModified":"2019-07-24T14:38:19+00:00","breadcrumb":{"@id":"https:\/\/french-international-schools.com\/es\/nouveau-cursus-nouveaux-espaces-2\/#breadcrumb"},"inLanguage":"es","potentialAction":[{"@type":"ReadAction","target":["https:\/\/french-international-schools.com\/es\/nouveau-cursus-nouveaux-espaces-2\/"]}]},{"@type":"ImageObject","inLanguage":"es","@id":"https:\/\/french-international-schools.com\/es\/nouveau-cursus-nouveaux-espaces-2\/#primaryimage","url":"https:\/\/french-international-schools.com\/wp-content\/uploads\/2016\/09\/2016-photo-lycee-GC-Opti-site.jpg","contentUrl":"https:\/\/french-international-schools.com\/wp-content\/uploads\/2016\/09\/2016-photo-lycee-GC-Opti-site.jpg","width":669,"height":248},{"@type":"BreadcrumbList","@id":"https:\/\/french-international-schools.com\/es\/nouveau-cursus-nouveaux-espaces-2\/#breadcrumb","itemListElement":[{"@type":"ListItem","position":1,"name":"Accueil","item":"https:\/\/french-international-schools.com\/es\/"},{"@type":"ListItem","position":2,"name":"Nouveau cursus, nouveaux espaces"}]},{"@type":"WebSite","@id":"https:\/\/french-international-schools.com\/#website","url":"https:\/\/french-international-schools.com\/","name":"French International Schools","description":"","publisher":{"@id":"https:\/\/french-international-schools.com\/#organization"},"potentialAction":[{"@type":"SearchAction","target":{"@type":"EntryPoint","urlTemplate":"https:\/\/french-international-schools.com\/?s={search_term_string}"},"query-input":{"@type":"PropertyValueSpecification","valueRequired":true,"valueName":"search_term_string"}}],"inLanguage":"es"},{"@type":"Organization","@id":"https:\/\/french-international-schools.com\/#organization","name":"R\u00e9seau d'enseignement plurilingue fran\u00e7ais","alternateName":"French International Schoolls","url":"https:\/\/french-international-schools.com\/","logo":{"@type":"ImageObject","inLanguage":"es","@id":"https:\/\/french-international-schools.com\/#\/schema\/logo\/image\/","url":"https:\/\/french-international-schools.com\/wp-content\/uploads\/2024\/03\/Favicon.png","contentUrl":"https:\/\/french-international-schools.com\/wp-content\/uploads\/2024\/03\/Favicon.png","width":84,"height":82,"caption":"R\u00e9seau d'enseignement plurilingue fran\u00e7ais"},"image":{"@id":"https:\/\/french-international-schools.com\/#\/schema\/logo\/image\/"},"sameAs":["https:\/\/www.facebook.com\/FrenchInternationalSchools\/","https:\/\/www.instagram.com\/french_international_schools","https:\/\/www.linkedin.com\/company\/french-international-schools\/posts\/?feedView=all"]},{"@type":"Person","@id":"https:\/\/french-international-schools.com\/#\/schema\/person\/8ee945e7055ddeba9fe9fa7fc8627054","name":"Audrey","url":"https:\/\/french-international-schools.com\/es\/author\/audrey2\/"}]}},"_links":{"self":[{"href":"https:\/\/french-international-schools.com\/es\/wp-json\/wp\/v2\/posts\/8430","targetHints":{"allow":["GET"]}}],"collection":[{"href":"https:\/\/french-international-schools.com\/es\/wp-json\/wp\/v2\/posts"}],"about":[{"href":"https:\/\/french-international-schools.com\/es\/wp-json\/wp\/v2\/types\/post"}],"author":[{"embeddable":true,"href":"https:\/\/french-international-schools.com\/es\/wp-json\/wp\/v2\/users\/5"}],"replies":[{"embeddable":true,"href":"https:\/\/french-international-schools.com\/es\/wp-json\/wp\/v2\/comments?post=8430"}],"version-history":[{"count":0,"href":"https:\/\/french-international-schools.com\/es\/wp-json\/wp\/v2\/posts\/8430\/revisions"}],"wp:featuredmedia":[{"embeddable":true,"href":"https:\/\/french-international-schools.com\/es\/wp-json\/wp\/v2\/media\/8428"}],"wp:attachment":[{"href":"https:\/\/french-international-schools.com\/es\/wp-json\/wp\/v2\/media?parent=8430"}],"wp:term":[{"taxonomy":"category","embeddable":true,"href":"https:\/\/french-international-schools.com\/es\/wp-json\/wp\/v2\/categories?post=8430"},{"taxonomy":"post_tag","embeddable":true,"href":"https:\/\/french-international-schools.com\/es\/wp-json\/wp\/v2\/tags?post=8430"}],"curies":[{"name":"wp","href":"https:\/\/api.w.org\/{rel}","templated":true}]}}