{"id":9860,"date":"2017-09-18T05:00:46","date_gmt":"2017-09-18T05:00:46","guid":{"rendered":"https:\/\/efep.es\/?p=9860"},"modified":"2019-07-24T16:37:42","modified_gmt":"2019-07-24T14:37:42","slug":"mannequin-challenge-a-tenerife-2","status":"publish","type":"post","link":"https:\/\/french-international-schools.com\/es\/mannequin-challenge-a-tenerife-2\/","title":{"rendered":"Mannequin challenge \u00e0 Tenerife"},"content":{"rendered":"<p style=\"text-align: justify;\">Le premier \u00ab<em>mannequin challenge<\/em>\u00bb de la zone ib\u00e9rique a \u00e9t\u00e9 lanc\u00e9 par le <span style=\"text-decoration: underline;\"><strong><a href=\"http:\/\/liceofrancestenerife.es\/\" target=\"_blank\" rel=\"noopener noreferrer\">lyc\u00e9e fran\u00e7ais Jules Verne de T\u00e9n\u00e9rife<\/a><\/strong>.<\/span><\/p>\n<p style=\"text-align: justify;\">Ce nouveau style de vid\u00e9o clip, o\u00f9 la cam\u00e9ra se faufile entre les figurants qui apparaissent fig\u00e9s comme des mannequins, est un ph\u00e9nom\u00e8ne r\u00e9cent issu des r\u00e9seaux sociaux. Apr\u00e8s les \u00ab<em>flashmob<\/em>\u00bb et les \u00ab<em>Harlem shake<\/em>\u00ab, la zone ib\u00e9rique se met au diapason de cette nouvelle mode. L&#8217;\u00e9tablissement de Tenerife, qui connait par ailleurs une rentr\u00e9e florissante avec une augmentation de pr\u00e8s de 8% de ses effectifs, saisit l&#8217;occasion pour se laisser d\u00e9couvrir, en faisant parcourir ses locaux au\u00a0spectateur, comme une visite-guid\u00e9e d&#8217;un nouveau genre. L&#8217;objectif d\u00e9voile ainsi l&#8217;enceinte du lyc\u00e9e: les installations sportives, les salles \u00e9quip\u00e9es, les laboratoires&#8230; Il\u00a0pr\u00e9sente \u00e9galement l&#8217;aspect international du centre en faisant figurer ses \u00e9tablissements partenaires fran\u00e7ais et marocains, et en mettant l&#8217;accent sur l&#8217;enseignement trilingue.<\/p>\n<p style=\"text-align: justify;\">Pour d\u00e9couvrir ce \u00ab<em>mannequin challenge<\/em>\u00ab, cliquez sur ce <span style=\"text-decoration: underline;\"><strong><a href=\"https:\/\/www.facebook.com\/LyceeJulesVerneTenerife\/\" target=\"_blank\" rel=\"noopener noreferrer\">lien<\/a><\/strong><\/span><\/p>\n","protected":false},"excerpt":{"rendered":"<p>Le premier \u00abmannequin challenge\u00bb de la zone ib\u00e9rique a \u00e9t\u00e9 lanc\u00e9 par le lyc\u00e9e fran\u00e7ais Jules Verne de T\u00e9n\u00e9rife. Ce nouveau style de vid\u00e9o clip, o\u00f9 la cam\u00e9ra se faufile entre les figurants qui apparaissent fig\u00e9s comme des mannequins, est un ph\u00e9nom\u00e8ne r\u00e9cent issu des r\u00e9seaux sociaux. Apr\u00e8s les \u00abflashmob\u00bb et les \u00abHarlem shake\u00ab, la  [&#8230;]<\/p>\n","protected":false},"author":5,"featured_media":9858,"comment_status":"open","ping_status":"closed","sticky":false,"template":"","format":"standard","meta":{"_monsterinsights_skip_tracking":false,"_monsterinsights_sitenote_active":false,"_monsterinsights_sitenote_note":"","_monsterinsights_sitenote_category":0,"footnotes":""},"categories":[503,463,563,468],"tags":[],"class_list":["post-9860","post","type-post","status-publish","format-standard","has-post-thumbnail","hentry","category-jules-verne-es","category-todos-los-centros","category-toutes-les-actualites-es","category-zoom-sobre"],"yoast_head":"<!-- This site is optimized with the Yoast SEO plugin v27.4 - https:\/\/yoast.com\/product\/yoast-seo-wordpress\/ -->\n<title>Mannequin challenge \u00e0 Tenerife | French International Schools<\/title>\n<meta name=\"robots\" content=\"index, follow, max-snippet:-1, max-image-preview:large, max-video-preview:-1\" \/>\n<link rel=\"canonical\" href=\"https:\/\/french-international-schools.com\/es\/mannequin-challenge-a-tenerife-2\/\" \/>\n<meta property=\"og:locale\" content=\"es_ES\" \/>\n<meta property=\"og:type\" content=\"article\" \/>\n<meta property=\"og:title\" content=\"Mannequin challenge \u00e0 Tenerife | French International Schools\" \/>\n<meta property=\"og:description\" content=\"Le premier \u00abmannequin challenge\u00bb de la zone ib\u00e9rique a \u00e9t\u00e9 lanc\u00e9 par le lyc\u00e9e fran\u00e7ais Jules Verne de T\u00e9n\u00e9rife. Ce nouveau style de vid\u00e9o clip, o\u00f9 la cam\u00e9ra se faufile entre les figurants qui apparaissent fig\u00e9s comme des mannequins, est un ph\u00e9nom\u00e8ne r\u00e9cent issu des r\u00e9seaux sociaux. Apr\u00e8s les \u00abflashmob\u00bb et les \u00abHarlem shake\u00ab, la [...]\" \/>\n<meta property=\"og:url\" content=\"https:\/\/french-international-schools.com\/es\/mannequin-challenge-a-tenerife-2\/\" \/>\n<meta property=\"og:site_name\" content=\"French International Schools\" \/>\n<meta property=\"article:publisher\" content=\"https:\/\/www.facebook.com\/FrenchInternationalSchools\/\" \/>\n<meta property=\"article:published_time\" content=\"2017-09-18T05:00:46+00:00\" \/>\n<meta property=\"article:modified_time\" content=\"2019-07-24T14:37:42+00:00\" \/>\n<meta property=\"og:image\" content=\"https:\/\/french-international-schools.com\/wp-content\/uploads\/2017\/09\/film-site-opti.jpg\" \/>\n\t<meta property=\"og:image:width\" content=\"669\" \/>\n\t<meta property=\"og:image:height\" content=\"248\" \/>\n\t<meta property=\"og:image:type\" content=\"image\/jpeg\" \/>\n<meta name=\"author\" content=\"Audrey\" \/>\n<meta name=\"twitter:card\" content=\"summary_large_image\" \/>\n<meta name=\"twitter:label1\" content=\"Escrito por\" \/>\n\t<meta name=\"twitter:data1\" content=\"Audrey\" \/>\n\t<meta name=\"twitter:label2\" content=\"Tiempo de lectura\" \/>\n\t<meta name=\"twitter:data2\" content=\"1 minuto\" \/>\n<script type=\"application\/ld+json\" class=\"yoast-schema-graph\">{\"@context\":\"https:\\\/\\\/schema.org\",\"@graph\":[{\"@type\":\"Article\",\"@id\":\"https:\\\/\\\/french-international-schools.com\\\/es\\\/mannequin-challenge-a-tenerife-2\\\/#article\",\"isPartOf\":{\"@id\":\"https:\\\/\\\/french-international-schools.com\\\/es\\\/mannequin-challenge-a-tenerife-2\\\/\"},\"author\":{\"name\":\"Audrey\",\"@id\":\"https:\\\/\\\/french-international-schools.com\\\/#\\\/schema\\\/person\\\/8ee945e7055ddeba9fe9fa7fc8627054\"},\"headline\":\"Mannequin challenge \u00e0 Tenerife\",\"datePublished\":\"2017-09-18T05:00:46+00:00\",\"dateModified\":\"2019-07-24T14:37:42+00:00\",\"mainEntityOfPage\":{\"@id\":\"https:\\\/\\\/french-international-schools.com\\\/es\\\/mannequin-challenge-a-tenerife-2\\\/\"},\"wordCount\":184,\"commentCount\":0,\"publisher\":{\"@id\":\"https:\\\/\\\/french-international-schools.com\\\/#organization\"},\"image\":{\"@id\":\"https:\\\/\\\/french-international-schools.com\\\/es\\\/mannequin-challenge-a-tenerife-2\\\/#primaryimage\"},\"thumbnailUrl\":\"https:\\\/\\\/french-international-schools.com\\\/wp-content\\\/uploads\\\/2017\\\/09\\\/film-site-opti.jpg\",\"articleSection\":[\"Tenerife\",\"Todos los centros\",\"Toutes les actualit\u00e9s\",\"Zoom sobre...\"],\"inLanguage\":\"es\",\"potentialAction\":[{\"@type\":\"CommentAction\",\"name\":\"Comment\",\"target\":[\"https:\\\/\\\/french-international-schools.com\\\/es\\\/mannequin-challenge-a-tenerife-2\\\/#respond\"]}]},{\"@type\":\"WebPage\",\"@id\":\"https:\\\/\\\/french-international-schools.com\\\/es\\\/mannequin-challenge-a-tenerife-2\\\/\",\"url\":\"https:\\\/\\\/french-international-schools.com\\\/es\\\/mannequin-challenge-a-tenerife-2\\\/\",\"name\":\"Mannequin challenge \u00e0 Tenerife | French International Schools\",\"isPartOf\":{\"@id\":\"https:\\\/\\\/french-international-schools.com\\\/#website\"},\"primaryImageOfPage\":{\"@id\":\"https:\\\/\\\/french-international-schools.com\\\/es\\\/mannequin-challenge-a-tenerife-2\\\/#primaryimage\"},\"image\":{\"@id\":\"https:\\\/\\\/french-international-schools.com\\\/es\\\/mannequin-challenge-a-tenerife-2\\\/#primaryimage\"},\"thumbnailUrl\":\"https:\\\/\\\/french-international-schools.com\\\/wp-content\\\/uploads\\\/2017\\\/09\\\/film-site-opti.jpg\",\"datePublished\":\"2017-09-18T05:00:46+00:00\",\"dateModified\":\"2019-07-24T14:37:42+00:00\",\"breadcrumb\":{\"@id\":\"https:\\\/\\\/french-international-schools.com\\\/es\\\/mannequin-challenge-a-tenerife-2\\\/#breadcrumb\"},\"inLanguage\":\"es\",\"potentialAction\":[{\"@type\":\"ReadAction\",\"target\":[\"https:\\\/\\\/french-international-schools.com\\\/es\\\/mannequin-challenge-a-tenerife-2\\\/\"]}]},{\"@type\":\"ImageObject\",\"inLanguage\":\"es\",\"@id\":\"https:\\\/\\\/french-international-schools.com\\\/es\\\/mannequin-challenge-a-tenerife-2\\\/#primaryimage\",\"url\":\"https:\\\/\\\/french-international-schools.com\\\/wp-content\\\/uploads\\\/2017\\\/09\\\/film-site-opti.jpg\",\"contentUrl\":\"https:\\\/\\\/french-international-schools.com\\\/wp-content\\\/uploads\\\/2017\\\/09\\\/film-site-opti.jpg\",\"width\":669,\"height\":248},{\"@type\":\"BreadcrumbList\",\"@id\":\"https:\\\/\\\/french-international-schools.com\\\/es\\\/mannequin-challenge-a-tenerife-2\\\/#breadcrumb\",\"itemListElement\":[{\"@type\":\"ListItem\",\"position\":1,\"name\":\"Accueil\",\"item\":\"https:\\\/\\\/french-international-schools.com\\\/es\\\/\"},{\"@type\":\"ListItem\",\"position\":2,\"name\":\"Mannequin challenge \u00e0 Tenerife\"}]},{\"@type\":\"WebSite\",\"@id\":\"https:\\\/\\\/french-international-schools.com\\\/#website\",\"url\":\"https:\\\/\\\/french-international-schools.com\\\/\",\"name\":\"French International Schools\",\"description\":\"\",\"publisher\":{\"@id\":\"https:\\\/\\\/french-international-schools.com\\\/#organization\"},\"potentialAction\":[{\"@type\":\"SearchAction\",\"target\":{\"@type\":\"EntryPoint\",\"urlTemplate\":\"https:\\\/\\\/french-international-schools.com\\\/?s={search_term_string}\"},\"query-input\":{\"@type\":\"PropertyValueSpecification\",\"valueRequired\":true,\"valueName\":\"search_term_string\"}}],\"inLanguage\":\"es\"},{\"@type\":\"Organization\",\"@id\":\"https:\\\/\\\/french-international-schools.com\\\/#organization\",\"name\":\"R\u00e9seau d'enseignement plurilingue fran\u00e7ais\",\"alternateName\":\"French International Schoolls\",\"url\":\"https:\\\/\\\/french-international-schools.com\\\/\",\"logo\":{\"@type\":\"ImageObject\",\"inLanguage\":\"es\",\"@id\":\"https:\\\/\\\/french-international-schools.com\\\/#\\\/schema\\\/logo\\\/image\\\/\",\"url\":\"https:\\\/\\\/french-international-schools.com\\\/wp-content\\\/uploads\\\/2024\\\/03\\\/Favicon.png\",\"contentUrl\":\"https:\\\/\\\/french-international-schools.com\\\/wp-content\\\/uploads\\\/2024\\\/03\\\/Favicon.png\",\"width\":84,\"height\":82,\"caption\":\"R\u00e9seau d'enseignement plurilingue fran\u00e7ais\"},\"image\":{\"@id\":\"https:\\\/\\\/french-international-schools.com\\\/#\\\/schema\\\/logo\\\/image\\\/\"},\"sameAs\":[\"https:\\\/\\\/www.facebook.com\\\/FrenchInternationalSchools\\\/\",\"https:\\\/\\\/www.instagram.com\\\/french_international_schools\",\"https:\\\/\\\/www.linkedin.com\\\/company\\\/french-international-schools\\\/posts\\\/?feedView=all\"]},{\"@type\":\"Person\",\"@id\":\"https:\\\/\\\/french-international-schools.com\\\/#\\\/schema\\\/person\\\/8ee945e7055ddeba9fe9fa7fc8627054\",\"name\":\"Audrey\",\"url\":\"https:\\\/\\\/french-international-schools.com\\\/es\\\/author\\\/audrey2\\\/\"}]}<\/script>\n<!-- \/ Yoast SEO plugin. -->","yoast_head_json":{"title":"Mannequin challenge \u00e0 Tenerife | French International Schools","robots":{"index":"index","follow":"follow","max-snippet":"max-snippet:-1","max-image-preview":"max-image-preview:large","max-video-preview":"max-video-preview:-1"},"canonical":"https:\/\/french-international-schools.com\/es\/mannequin-challenge-a-tenerife-2\/","og_locale":"es_ES","og_type":"article","og_title":"Mannequin challenge \u00e0 Tenerife | French International Schools","og_description":"Le premier \u00abmannequin challenge\u00bb de la zone ib\u00e9rique a \u00e9t\u00e9 lanc\u00e9 par le lyc\u00e9e fran\u00e7ais Jules Verne de T\u00e9n\u00e9rife. Ce nouveau style de vid\u00e9o clip, o\u00f9 la cam\u00e9ra se faufile entre les figurants qui apparaissent fig\u00e9s comme des mannequins, est un ph\u00e9nom\u00e8ne r\u00e9cent issu des r\u00e9seaux sociaux. Apr\u00e8s les \u00abflashmob\u00bb et les \u00abHarlem shake\u00ab, la [...]","og_url":"https:\/\/french-international-schools.com\/es\/mannequin-challenge-a-tenerife-2\/","og_site_name":"French International Schools","article_publisher":"https:\/\/www.facebook.com\/FrenchInternationalSchools\/","article_published_time":"2017-09-18T05:00:46+00:00","article_modified_time":"2019-07-24T14:37:42+00:00","og_image":[{"width":669,"height":248,"url":"https:\/\/french-international-schools.com\/wp-content\/uploads\/2017\/09\/film-site-opti.jpg","type":"image\/jpeg"}],"author":"Audrey","twitter_card":"summary_large_image","twitter_misc":{"Escrito por":"Audrey","Tiempo de lectura":"1 minuto"},"schema":{"@context":"https:\/\/schema.org","@graph":[{"@type":"Article","@id":"https:\/\/french-international-schools.com\/es\/mannequin-challenge-a-tenerife-2\/#article","isPartOf":{"@id":"https:\/\/french-international-schools.com\/es\/mannequin-challenge-a-tenerife-2\/"},"author":{"name":"Audrey","@id":"https:\/\/french-international-schools.com\/#\/schema\/person\/8ee945e7055ddeba9fe9fa7fc8627054"},"headline":"Mannequin challenge \u00e0 Tenerife","datePublished":"2017-09-18T05:00:46+00:00","dateModified":"2019-07-24T14:37:42+00:00","mainEntityOfPage":{"@id":"https:\/\/french-international-schools.com\/es\/mannequin-challenge-a-tenerife-2\/"},"wordCount":184,"commentCount":0,"publisher":{"@id":"https:\/\/french-international-schools.com\/#organization"},"image":{"@id":"https:\/\/french-international-schools.com\/es\/mannequin-challenge-a-tenerife-2\/#primaryimage"},"thumbnailUrl":"https:\/\/french-international-schools.com\/wp-content\/uploads\/2017\/09\/film-site-opti.jpg","articleSection":["Tenerife","Todos los centros","Toutes les actualit\u00e9s","Zoom sobre..."],"inLanguage":"es","potentialAction":[{"@type":"CommentAction","name":"Comment","target":["https:\/\/french-international-schools.com\/es\/mannequin-challenge-a-tenerife-2\/#respond"]}]},{"@type":"WebPage","@id":"https:\/\/french-international-schools.com\/es\/mannequin-challenge-a-tenerife-2\/","url":"https:\/\/french-international-schools.com\/es\/mannequin-challenge-a-tenerife-2\/","name":"Mannequin challenge \u00e0 Tenerife | French International Schools","isPartOf":{"@id":"https:\/\/french-international-schools.com\/#website"},"primaryImageOfPage":{"@id":"https:\/\/french-international-schools.com\/es\/mannequin-challenge-a-tenerife-2\/#primaryimage"},"image":{"@id":"https:\/\/french-international-schools.com\/es\/mannequin-challenge-a-tenerife-2\/#primaryimage"},"thumbnailUrl":"https:\/\/french-international-schools.com\/wp-content\/uploads\/2017\/09\/film-site-opti.jpg","datePublished":"2017-09-18T05:00:46+00:00","dateModified":"2019-07-24T14:37:42+00:00","breadcrumb":{"@id":"https:\/\/french-international-schools.com\/es\/mannequin-challenge-a-tenerife-2\/#breadcrumb"},"inLanguage":"es","potentialAction":[{"@type":"ReadAction","target":["https:\/\/french-international-schools.com\/es\/mannequin-challenge-a-tenerife-2\/"]}]},{"@type":"ImageObject","inLanguage":"es","@id":"https:\/\/french-international-schools.com\/es\/mannequin-challenge-a-tenerife-2\/#primaryimage","url":"https:\/\/french-international-schools.com\/wp-content\/uploads\/2017\/09\/film-site-opti.jpg","contentUrl":"https:\/\/french-international-schools.com\/wp-content\/uploads\/2017\/09\/film-site-opti.jpg","width":669,"height":248},{"@type":"BreadcrumbList","@id":"https:\/\/french-international-schools.com\/es\/mannequin-challenge-a-tenerife-2\/#breadcrumb","itemListElement":[{"@type":"ListItem","position":1,"name":"Accueil","item":"https:\/\/french-international-schools.com\/es\/"},{"@type":"ListItem","position":2,"name":"Mannequin challenge \u00e0 Tenerife"}]},{"@type":"WebSite","@id":"https:\/\/french-international-schools.com\/#website","url":"https:\/\/french-international-schools.com\/","name":"French International Schools","description":"","publisher":{"@id":"https:\/\/french-international-schools.com\/#organization"},"potentialAction":[{"@type":"SearchAction","target":{"@type":"EntryPoint","urlTemplate":"https:\/\/french-international-schools.com\/?s={search_term_string}"},"query-input":{"@type":"PropertyValueSpecification","valueRequired":true,"valueName":"search_term_string"}}],"inLanguage":"es"},{"@type":"Organization","@id":"https:\/\/french-international-schools.com\/#organization","name":"R\u00e9seau d'enseignement plurilingue fran\u00e7ais","alternateName":"French International Schoolls","url":"https:\/\/french-international-schools.com\/","logo":{"@type":"ImageObject","inLanguage":"es","@id":"https:\/\/french-international-schools.com\/#\/schema\/logo\/image\/","url":"https:\/\/french-international-schools.com\/wp-content\/uploads\/2024\/03\/Favicon.png","contentUrl":"https:\/\/french-international-schools.com\/wp-content\/uploads\/2024\/03\/Favicon.png","width":84,"height":82,"caption":"R\u00e9seau d'enseignement plurilingue fran\u00e7ais"},"image":{"@id":"https:\/\/french-international-schools.com\/#\/schema\/logo\/image\/"},"sameAs":["https:\/\/www.facebook.com\/FrenchInternationalSchools\/","https:\/\/www.instagram.com\/french_international_schools","https:\/\/www.linkedin.com\/company\/french-international-schools\/posts\/?feedView=all"]},{"@type":"Person","@id":"https:\/\/french-international-schools.com\/#\/schema\/person\/8ee945e7055ddeba9fe9fa7fc8627054","name":"Audrey","url":"https:\/\/french-international-schools.com\/es\/author\/audrey2\/"}]}},"_links":{"self":[{"href":"https:\/\/french-international-schools.com\/es\/wp-json\/wp\/v2\/posts\/9860","targetHints":{"allow":["GET"]}}],"collection":[{"href":"https:\/\/french-international-schools.com\/es\/wp-json\/wp\/v2\/posts"}],"about":[{"href":"https:\/\/french-international-schools.com\/es\/wp-json\/wp\/v2\/types\/post"}],"author":[{"embeddable":true,"href":"https:\/\/french-international-schools.com\/es\/wp-json\/wp\/v2\/users\/5"}],"replies":[{"embeddable":true,"href":"https:\/\/french-international-schools.com\/es\/wp-json\/wp\/v2\/comments?post=9860"}],"version-history":[{"count":0,"href":"https:\/\/french-international-schools.com\/es\/wp-json\/wp\/v2\/posts\/9860\/revisions"}],"wp:featuredmedia":[{"embeddable":true,"href":"https:\/\/french-international-schools.com\/es\/wp-json\/wp\/v2\/media\/9858"}],"wp:attachment":[{"href":"https:\/\/french-international-schools.com\/es\/wp-json\/wp\/v2\/media?parent=9860"}],"wp:term":[{"taxonomy":"category","embeddable":true,"href":"https:\/\/french-international-schools.com\/es\/wp-json\/wp\/v2\/categories?post=9860"},{"taxonomy":"post_tag","embeddable":true,"href":"https:\/\/french-international-schools.com\/es\/wp-json\/wp\/v2\/tags?post=9860"}],"curies":[{"name":"wp","href":"https:\/\/api.w.org\/{rel}","templated":true}]}}