{"id":10250,"date":"2017-12-20T05:00:18","date_gmt":"2017-12-20T04:00:18","guid":{"rendered":"https:\/\/efep.es\/?p=10250"},"modified":"2019-07-24T16:37:32","modified_gmt":"2019-07-24T14:37:32","slug":"la-cantine-bio-de-tenerife-2","status":"publish","type":"post","link":"https:\/\/french-international-schools.com\/pt-pt\/la-cantine-bio-de-tenerife-2\/","title":{"rendered":"La cantine BIO de Tenerife"},"content":{"rendered":"<p style=\"font-weight: 400; text-align: justify;\">Le <strong><a href=\"http:\/\/liceofrancestenerife.es\/fr\/\" target=\"_blank\" rel=\"noopener noreferrer\">lyc\u00e9e fran\u00e7ais Jules Verne de Tenerife<\/a><\/strong>\u00a0est le premier \u00e9tablissement priv\u00e9 de Tenerife ayant adopt\u00e9 le dispositif <strong><a href=\"https:\/\/www.ecocomedoresescolaresdecanarias.com\/\" target=\"_blank\" rel=\"noopener noreferrer\">Eco-Comedor<\/a><\/strong> d\u00e9velopp\u00e9 par le gouvernement des Canaries.<br \/>Pour suivre ce programme, le lyc\u00e9e s&#8217;engage \u00e0 servir \u00e0 la cantine scolaire le maximum de produits locaux, biologiques et, dans la mesure du possible, de saison. Un r\u00e9el effort d&#8217;organisation pour un \u00e9tablissement de pr\u00e8s de 600 \u00e9l\u00e8ves !\u00a0Cette initiative a aussi un int\u00e9r\u00eat social et \u00e9conomique, car elle participe au d\u00e9veloppement de la production agricole biologique sur l&#8217;archipel des Canaries.<\/p>\n<p style=\"font-weight: 400; text-align: justify;\">Le dispositif apporte d\u00e9sormais un label qui garantit la qualit\u00e9 de l&#8217;alimentation servie \u00e0 la cantine. Pour tous les personnels en cuisine, c&#8217;est aussi un gage de transparence envers tous les utilisateurs.<\/p>\n<p style=\"text-align: justify;\">Tout \u00e0 sa volont\u00e9 de renforcer le bien-\u00eatre des \u00e9l\u00e8ves \u00e0 l&#8217;\u00e9cole, le proviseur a confi\u00e9 son objectif \u00e0\u00a0EFEP: &#8220;<em>S\u00e9r\u00e9nit\u00e9 dans les locaux, bonnes conditions d&#8217;enseignement, respect de la sant\u00e9 et des temps de pause sont les clefs de la r\u00e9ussite pour mieux impliquer les \u00e9l\u00e8ves dans leurs apprentissage<\/em>s&#8221;.<\/p>\n<p style=\"text-align: justify;\">Un \u00e9tablissement qui d\u00e9montre que le Zen et l&#8217;Excellence sont parfaitement compatibles !<\/p>\n","protected":false},"excerpt":{"rendered":"<p>Le lyc\u00e9e fran\u00e7ais Jules Verne de Tenerife\u00a0est le premier \u00e9tablissement priv\u00e9 de Tenerife ayant adopt\u00e9 le dispositif Eco-Comedor d\u00e9velopp\u00e9 par le gouvernement des Canaries.Pour suivre ce programme, le lyc\u00e9e s&#8217;engage \u00e0 servir \u00e0 la cantine scolaire le maximum de produits locaux, biologiques et, dans la mesure du possible, de saison. Un r\u00e9el effort d&#8217;organisation pour  [&#8230;]<\/p>\n","protected":false},"author":5,"featured_media":10245,"comment_status":"open","ping_status":"closed","sticky":false,"template":"","format":"standard","meta":{"_monsterinsights_skip_tracking":false,"_monsterinsights_sitenote_active":false,"_monsterinsights_sitenote_note":"","_monsterinsights_sitenote_category":0,"footnotes":""},"categories":[505,465,565,466],"tags":[],"class_list":["post-10250","post","type-post","status-publish","format-standard","has-post-thumbnail","hentry","category-jules-verne-pt","category-todos-os-estabelecimentos","category-toutes-les-actualites-pt","category-em-destaque"],"yoast_head":"<!-- This site is optimized with the Yoast SEO plugin v27.4 - https:\/\/yoast.com\/product\/yoast-seo-wordpress\/ -->\n<title>La cantine BIO de Tenerife | French International Schools<\/title>\n<meta name=\"robots\" content=\"index, follow, max-snippet:-1, max-image-preview:large, max-video-preview:-1\" \/>\n<link rel=\"canonical\" href=\"https:\/\/french-international-schools.com\/la-cantine-ecologique-de-tenerife\/\" \/>\n<meta property=\"og:locale\" content=\"pt_PT\" \/>\n<meta property=\"og:type\" content=\"article\" \/>\n<meta property=\"og:title\" content=\"La cantine BIO de Tenerife | French International Schools\" \/>\n<meta property=\"og:description\" content=\"Le lyc\u00e9e fran\u00e7ais Jules Verne de Tenerife\u00a0est le premier \u00e9tablissement priv\u00e9 de Tenerife ayant adopt\u00e9 le dispositif Eco-Comedor d\u00e9velopp\u00e9 par le gouvernement des Canaries.Pour suivre ce programme, le lyc\u00e9e s&#8217;engage \u00e0 servir \u00e0 la cantine scolaire le maximum de produits locaux, biologiques et, dans la mesure du possible, de saison. Un r\u00e9el effort d&#8217;organisation pour [...]\" \/>\n<meta property=\"og:url\" content=\"https:\/\/french-international-schools.com\/la-cantine-ecologique-de-tenerife\/\" \/>\n<meta property=\"og:site_name\" content=\"French International Schools\" \/>\n<meta property=\"article:publisher\" content=\"https:\/\/www.facebook.com\/FrenchInternationalSchools\/\" \/>\n<meta property=\"article:published_time\" content=\"2017-12-20T04:00:18+00:00\" \/>\n<meta property=\"article:modified_time\" content=\"2019-07-24T14:37:32+00:00\" \/>\n<meta property=\"og:image\" content=\"https:\/\/french-international-schools.com\/wp-content\/uploads\/2017\/11\/ecocomedor-site-opti.jpg\" \/>\n\t<meta property=\"og:image:width\" content=\"669\" \/>\n\t<meta property=\"og:image:height\" content=\"244\" \/>\n\t<meta property=\"og:image:type\" content=\"image\/jpeg\" \/>\n<meta name=\"author\" content=\"Audrey\" \/>\n<meta name=\"twitter:card\" content=\"summary_large_image\" \/>\n<meta name=\"twitter:label1\" content=\"Escrito por\" \/>\n\t<meta name=\"twitter:data1\" content=\"Audrey\" \/>\n\t<meta name=\"twitter:label2\" content=\"Tempo estimado de leitura\" \/>\n\t<meta name=\"twitter:data2\" content=\"1 minuto\" \/>\n<script type=\"application\/ld+json\" class=\"yoast-schema-graph\">{\"@context\":\"https:\\\/\\\/schema.org\",\"@graph\":[{\"@type\":\"Article\",\"@id\":\"https:\\\/\\\/french-international-schools.com\\\/la-cantine-ecologique-de-tenerife\\\/#article\",\"isPartOf\":{\"@id\":\"https:\\\/\\\/french-international-schools.com\\\/la-cantine-ecologique-de-tenerife\\\/\"},\"author\":{\"name\":\"Audrey\",\"@id\":\"https:\\\/\\\/french-international-schools.com\\\/#\\\/schema\\\/person\\\/8ee945e7055ddeba9fe9fa7fc8627054\"},\"headline\":\"La cantine BIO de Tenerife\",\"datePublished\":\"2017-12-20T04:00:18+00:00\",\"dateModified\":\"2019-07-24T14:37:32+00:00\",\"mainEntityOfPage\":{\"@id\":\"https:\\\/\\\/french-international-schools.com\\\/la-cantine-ecologique-de-tenerife\\\/\"},\"wordCount\":205,\"commentCount\":0,\"publisher\":{\"@id\":\"https:\\\/\\\/french-international-schools.com\\\/#organization\"},\"image\":{\"@id\":\"https:\\\/\\\/french-international-schools.com\\\/la-cantine-ecologique-de-tenerife\\\/#primaryimage\"},\"thumbnailUrl\":\"https:\\\/\\\/french-international-schools.com\\\/wp-content\\\/uploads\\\/2017\\\/11\\\/ecocomedor-site-opti.jpg\",\"articleSection\":[\"Tenerife\",\"Todos os estabelecimentos\",\"Toutes les actualit\u00e9s\",\"Zoom\"],\"inLanguage\":\"pt-PT\",\"potentialAction\":[{\"@type\":\"CommentAction\",\"name\":\"Comment\",\"target\":[\"https:\\\/\\\/french-international-schools.com\\\/la-cantine-ecologique-de-tenerife\\\/#respond\"]}]},{\"@type\":\"WebPage\",\"@id\":\"https:\\\/\\\/french-international-schools.com\\\/la-cantine-ecologique-de-tenerife\\\/\",\"url\":\"https:\\\/\\\/french-international-schools.com\\\/la-cantine-ecologique-de-tenerife\\\/\",\"name\":\"La cantine BIO de Tenerife | French International Schools\",\"isPartOf\":{\"@id\":\"https:\\\/\\\/french-international-schools.com\\\/#website\"},\"primaryImageOfPage\":{\"@id\":\"https:\\\/\\\/french-international-schools.com\\\/la-cantine-ecologique-de-tenerife\\\/#primaryimage\"},\"image\":{\"@id\":\"https:\\\/\\\/french-international-schools.com\\\/la-cantine-ecologique-de-tenerife\\\/#primaryimage\"},\"thumbnailUrl\":\"https:\\\/\\\/french-international-schools.com\\\/wp-content\\\/uploads\\\/2017\\\/11\\\/ecocomedor-site-opti.jpg\",\"datePublished\":\"2017-12-20T04:00:18+00:00\",\"dateModified\":\"2019-07-24T14:37:32+00:00\",\"breadcrumb\":{\"@id\":\"https:\\\/\\\/french-international-schools.com\\\/la-cantine-ecologique-de-tenerife\\\/#breadcrumb\"},\"inLanguage\":\"pt-PT\",\"potentialAction\":[{\"@type\":\"ReadAction\",\"target\":[\"https:\\\/\\\/french-international-schools.com\\\/la-cantine-ecologique-de-tenerife\\\/\"]}]},{\"@type\":\"ImageObject\",\"inLanguage\":\"pt-PT\",\"@id\":\"https:\\\/\\\/french-international-schools.com\\\/la-cantine-ecologique-de-tenerife\\\/#primaryimage\",\"url\":\"https:\\\/\\\/french-international-schools.com\\\/wp-content\\\/uploads\\\/2017\\\/11\\\/ecocomedor-site-opti.jpg\",\"contentUrl\":\"https:\\\/\\\/french-international-schools.com\\\/wp-content\\\/uploads\\\/2017\\\/11\\\/ecocomedor-site-opti.jpg\",\"width\":669,\"height\":244},{\"@type\":\"BreadcrumbList\",\"@id\":\"https:\\\/\\\/french-international-schools.com\\\/la-cantine-ecologique-de-tenerife\\\/#breadcrumb\",\"itemListElement\":[{\"@type\":\"ListItem\",\"position\":1,\"name\":\"Accueil\",\"item\":\"https:\\\/\\\/french-international-schools.com\\\/pt-pt\\\/\"},{\"@type\":\"ListItem\",\"position\":2,\"name\":\"La cantine BIO de Tenerife\"}]},{\"@type\":\"WebSite\",\"@id\":\"https:\\\/\\\/french-international-schools.com\\\/#website\",\"url\":\"https:\\\/\\\/french-international-schools.com\\\/\",\"name\":\"French International Schools\",\"description\":\"\",\"publisher\":{\"@id\":\"https:\\\/\\\/french-international-schools.com\\\/#organization\"},\"potentialAction\":[{\"@type\":\"SearchAction\",\"target\":{\"@type\":\"EntryPoint\",\"urlTemplate\":\"https:\\\/\\\/french-international-schools.com\\\/?s={search_term_string}\"},\"query-input\":{\"@type\":\"PropertyValueSpecification\",\"valueRequired\":true,\"valueName\":\"search_term_string\"}}],\"inLanguage\":\"pt-PT\"},{\"@type\":\"Organization\",\"@id\":\"https:\\\/\\\/french-international-schools.com\\\/#organization\",\"name\":\"R\u00e9seau d'enseignement plurilingue fran\u00e7ais\",\"alternateName\":\"French International Schoolls\",\"url\":\"https:\\\/\\\/french-international-schools.com\\\/\",\"logo\":{\"@type\":\"ImageObject\",\"inLanguage\":\"pt-PT\",\"@id\":\"https:\\\/\\\/french-international-schools.com\\\/#\\\/schema\\\/logo\\\/image\\\/\",\"url\":\"https:\\\/\\\/french-international-schools.com\\\/wp-content\\\/uploads\\\/2024\\\/03\\\/Favicon.png\",\"contentUrl\":\"https:\\\/\\\/french-international-schools.com\\\/wp-content\\\/uploads\\\/2024\\\/03\\\/Favicon.png\",\"width\":84,\"height\":82,\"caption\":\"R\u00e9seau d'enseignement plurilingue fran\u00e7ais\"},\"image\":{\"@id\":\"https:\\\/\\\/french-international-schools.com\\\/#\\\/schema\\\/logo\\\/image\\\/\"},\"sameAs\":[\"https:\\\/\\\/www.facebook.com\\\/FrenchInternationalSchools\\\/\",\"https:\\\/\\\/www.instagram.com\\\/french_international_schools\",\"https:\\\/\\\/www.linkedin.com\\\/company\\\/french-international-schools\\\/posts\\\/?feedView=all\"]},{\"@type\":\"Person\",\"@id\":\"https:\\\/\\\/french-international-schools.com\\\/#\\\/schema\\\/person\\\/8ee945e7055ddeba9fe9fa7fc8627054\",\"name\":\"Audrey\",\"url\":\"https:\\\/\\\/french-international-schools.com\\\/pt-pt\\\/author\\\/audrey2\\\/\"}]}<\/script>\n<!-- \/ Yoast SEO plugin. -->","yoast_head_json":{"title":"La cantine BIO de Tenerife | French International Schools","robots":{"index":"index","follow":"follow","max-snippet":"max-snippet:-1","max-image-preview":"max-image-preview:large","max-video-preview":"max-video-preview:-1"},"canonical":"https:\/\/french-international-schools.com\/la-cantine-ecologique-de-tenerife\/","og_locale":"pt_PT","og_type":"article","og_title":"La cantine BIO de Tenerife | French International Schools","og_description":"Le lyc\u00e9e fran\u00e7ais Jules Verne de Tenerife\u00a0est le premier \u00e9tablissement priv\u00e9 de Tenerife ayant adopt\u00e9 le dispositif Eco-Comedor d\u00e9velopp\u00e9 par le gouvernement des Canaries.Pour suivre ce programme, le lyc\u00e9e s&#8217;engage \u00e0 servir \u00e0 la cantine scolaire le maximum de produits locaux, biologiques et, dans la mesure du possible, de saison. Un r\u00e9el effort d&#8217;organisation pour [...]","og_url":"https:\/\/french-international-schools.com\/la-cantine-ecologique-de-tenerife\/","og_site_name":"French International Schools","article_publisher":"https:\/\/www.facebook.com\/FrenchInternationalSchools\/","article_published_time":"2017-12-20T04:00:18+00:00","article_modified_time":"2019-07-24T14:37:32+00:00","og_image":[{"width":669,"height":244,"url":"https:\/\/french-international-schools.com\/wp-content\/uploads\/2017\/11\/ecocomedor-site-opti.jpg","type":"image\/jpeg"}],"author":"Audrey","twitter_card":"summary_large_image","twitter_misc":{"Escrito por":"Audrey","Tempo estimado de leitura":"1 minuto"},"schema":{"@context":"https:\/\/schema.org","@graph":[{"@type":"Article","@id":"https:\/\/french-international-schools.com\/la-cantine-ecologique-de-tenerife\/#article","isPartOf":{"@id":"https:\/\/french-international-schools.com\/la-cantine-ecologique-de-tenerife\/"},"author":{"name":"Audrey","@id":"https:\/\/french-international-schools.com\/#\/schema\/person\/8ee945e7055ddeba9fe9fa7fc8627054"},"headline":"La cantine BIO de Tenerife","datePublished":"2017-12-20T04:00:18+00:00","dateModified":"2019-07-24T14:37:32+00:00","mainEntityOfPage":{"@id":"https:\/\/french-international-schools.com\/la-cantine-ecologique-de-tenerife\/"},"wordCount":205,"commentCount":0,"publisher":{"@id":"https:\/\/french-international-schools.com\/#organization"},"image":{"@id":"https:\/\/french-international-schools.com\/la-cantine-ecologique-de-tenerife\/#primaryimage"},"thumbnailUrl":"https:\/\/french-international-schools.com\/wp-content\/uploads\/2017\/11\/ecocomedor-site-opti.jpg","articleSection":["Tenerife","Todos os estabelecimentos","Toutes les actualit\u00e9s","Zoom"],"inLanguage":"pt-PT","potentialAction":[{"@type":"CommentAction","name":"Comment","target":["https:\/\/french-international-schools.com\/la-cantine-ecologique-de-tenerife\/#respond"]}]},{"@type":"WebPage","@id":"https:\/\/french-international-schools.com\/la-cantine-ecologique-de-tenerife\/","url":"https:\/\/french-international-schools.com\/la-cantine-ecologique-de-tenerife\/","name":"La cantine BIO de Tenerife | French International Schools","isPartOf":{"@id":"https:\/\/french-international-schools.com\/#website"},"primaryImageOfPage":{"@id":"https:\/\/french-international-schools.com\/la-cantine-ecologique-de-tenerife\/#primaryimage"},"image":{"@id":"https:\/\/french-international-schools.com\/la-cantine-ecologique-de-tenerife\/#primaryimage"},"thumbnailUrl":"https:\/\/french-international-schools.com\/wp-content\/uploads\/2017\/11\/ecocomedor-site-opti.jpg","datePublished":"2017-12-20T04:00:18+00:00","dateModified":"2019-07-24T14:37:32+00:00","breadcrumb":{"@id":"https:\/\/french-international-schools.com\/la-cantine-ecologique-de-tenerife\/#breadcrumb"},"inLanguage":"pt-PT","potentialAction":[{"@type":"ReadAction","target":["https:\/\/french-international-schools.com\/la-cantine-ecologique-de-tenerife\/"]}]},{"@type":"ImageObject","inLanguage":"pt-PT","@id":"https:\/\/french-international-schools.com\/la-cantine-ecologique-de-tenerife\/#primaryimage","url":"https:\/\/french-international-schools.com\/wp-content\/uploads\/2017\/11\/ecocomedor-site-opti.jpg","contentUrl":"https:\/\/french-international-schools.com\/wp-content\/uploads\/2017\/11\/ecocomedor-site-opti.jpg","width":669,"height":244},{"@type":"BreadcrumbList","@id":"https:\/\/french-international-schools.com\/la-cantine-ecologique-de-tenerife\/#breadcrumb","itemListElement":[{"@type":"ListItem","position":1,"name":"Accueil","item":"https:\/\/french-international-schools.com\/pt-pt\/"},{"@type":"ListItem","position":2,"name":"La cantine BIO de Tenerife"}]},{"@type":"WebSite","@id":"https:\/\/french-international-schools.com\/#website","url":"https:\/\/french-international-schools.com\/","name":"French International Schools","description":"","publisher":{"@id":"https:\/\/french-international-schools.com\/#organization"},"potentialAction":[{"@type":"SearchAction","target":{"@type":"EntryPoint","urlTemplate":"https:\/\/french-international-schools.com\/?s={search_term_string}"},"query-input":{"@type":"PropertyValueSpecification","valueRequired":true,"valueName":"search_term_string"}}],"inLanguage":"pt-PT"},{"@type":"Organization","@id":"https:\/\/french-international-schools.com\/#organization","name":"R\u00e9seau d'enseignement plurilingue fran\u00e7ais","alternateName":"French International Schoolls","url":"https:\/\/french-international-schools.com\/","logo":{"@type":"ImageObject","inLanguage":"pt-PT","@id":"https:\/\/french-international-schools.com\/#\/schema\/logo\/image\/","url":"https:\/\/french-international-schools.com\/wp-content\/uploads\/2024\/03\/Favicon.png","contentUrl":"https:\/\/french-international-schools.com\/wp-content\/uploads\/2024\/03\/Favicon.png","width":84,"height":82,"caption":"R\u00e9seau d'enseignement plurilingue fran\u00e7ais"},"image":{"@id":"https:\/\/french-international-schools.com\/#\/schema\/logo\/image\/"},"sameAs":["https:\/\/www.facebook.com\/FrenchInternationalSchools\/","https:\/\/www.instagram.com\/french_international_schools","https:\/\/www.linkedin.com\/company\/french-international-schools\/posts\/?feedView=all"]},{"@type":"Person","@id":"https:\/\/french-international-schools.com\/#\/schema\/person\/8ee945e7055ddeba9fe9fa7fc8627054","name":"Audrey","url":"https:\/\/french-international-schools.com\/pt-pt\/author\/audrey2\/"}]}},"_links":{"self":[{"href":"https:\/\/french-international-schools.com\/pt-pt\/wp-json\/wp\/v2\/posts\/10250","targetHints":{"allow":["GET"]}}],"collection":[{"href":"https:\/\/french-international-schools.com\/pt-pt\/wp-json\/wp\/v2\/posts"}],"about":[{"href":"https:\/\/french-international-schools.com\/pt-pt\/wp-json\/wp\/v2\/types\/post"}],"author":[{"embeddable":true,"href":"https:\/\/french-international-schools.com\/pt-pt\/wp-json\/wp\/v2\/users\/5"}],"replies":[{"embeddable":true,"href":"https:\/\/french-international-schools.com\/pt-pt\/wp-json\/wp\/v2\/comments?post=10250"}],"version-history":[{"count":0,"href":"https:\/\/french-international-schools.com\/pt-pt\/wp-json\/wp\/v2\/posts\/10250\/revisions"}],"wp:featuredmedia":[{"embeddable":true,"href":"https:\/\/french-international-schools.com\/pt-pt\/wp-json\/wp\/v2\/media\/10245"}],"wp:attachment":[{"href":"https:\/\/french-international-schools.com\/pt-pt\/wp-json\/wp\/v2\/media?parent=10250"}],"wp:term":[{"taxonomy":"category","embeddable":true,"href":"https:\/\/french-international-schools.com\/pt-pt\/wp-json\/wp\/v2\/categories?post=10250"},{"taxonomy":"post_tag","embeddable":true,"href":"https:\/\/french-international-schools.com\/pt-pt\/wp-json\/wp\/v2\/tags?post=10250"}],"curies":[{"name":"wp","href":"https:\/\/api.w.org\/{rel}","templated":true}]}}